{"id":594,"date":"2025-11-27T21:51:37","date_gmt":"2025-11-27T21:51:37","guid":{"rendered":"http:\/\/www.carbonesandinos.com\/?p=594"},"modified":"2025-11-27T21:51:48","modified_gmt":"2025-11-27T21:51:48","slug":"nuestras-mujeres-un-referente-de-la-mineria-hecha-con-el-corazon","status":"publish","type":"post","link":"http:\/\/www.carbonesandinos.com\/?p=594","title":{"rendered":"Nuestras Mujeres, un referente de la miner\u00eda hecha con el coraz\u00f3n"},"content":{"rendered":"\n<p>Hay momentos que nos recuerdan por qu\u00e9 hacemos lo que hacemos. Detr\u00e1s de cada jornada, de cada avance y de cada logro, siempre hay una historia que sostiene el trabajo; en Carbones Andinos esa historia tiene <strong>rostro de mujer<\/strong>. <\/p>\n\n\n\n<p>En la Segunda Versi\u00f3n del <strong>Galard\u00f3n Mujer Minera<\/strong>, organizada por la <strong>Secretar\u00eda de Minas de Boyac\u00e1<\/strong>, tuvimos la <strong>oportunidad de postular<\/strong> a varias representantes. Lo hicimos con la convicci\u00f3n de que el papel de la mujer en nuestra empresa no se mide por cantidad, sino por el<strong> impacto<\/strong> que dejan cada d\u00eda en nuestras operaciones, en nuestra cultura y en nuestra <strong>visi\u00f3n de futuro<\/strong>.<\/p>\n\n\n<div class=\"wp-block-image\">\n<figure class=\"aligncenter size-full is-resized\"><img loading=\"lazy\" decoding=\"async\" width=\"960\" height=\"640\" src=\"http:\/\/www.carbonesandinos.com\/wp-content\/uploads\/2025\/11\/content-2-1.webp\" alt=\"\" class=\"wp-image-596\" style=\"width:467px;height:auto\" srcset=\"http:\/\/www.carbonesandinos.com\/wp-content\/uploads\/2025\/11\/content-2-1.webp 960w, http:\/\/www.carbonesandinos.com\/wp-content\/uploads\/2025\/11\/content-2-1-300x200.webp 300w, http:\/\/www.carbonesandinos.com\/wp-content\/uploads\/2025\/11\/content-2-1-768x512.webp 768w, http:\/\/www.carbonesandinos.com\/wp-content\/uploads\/2025\/11\/content-2-1-930x620.webp 930w\" sizes=\"auto, (max-width: 960px) 100vw, 960px\" \/><\/figure>\n<\/div>\n\n\n<p>Postulamos primero a Carbones Andinos en la categor\u00eda <strong>Empresa Familiar<\/strong> en Miner\u00eda con m\u00e1s de <strong>200 trabajadores<\/strong>. En esta historia familiar, que ya suma tres generaciones, el <strong>liderazgo femenino<\/strong> ha sido decisivo. Desde las decisiones m\u00e1s t\u00e9cnicas hasta los valores que nos han acompa\u00f1ado en el camino, las <strong>mujeres de la familia C\u00e1rdenas<\/strong> han estado presentes, abriendo paso, equilibrando, aportando coraz\u00f3n y visi\u00f3n. \u201c<strong>Y ganamos<\/strong>\u201d.<\/p>\n\n\n\n<p>Pero esa no fue la \u00fanica alegr\u00eda. Tambi\u00e9n celebramos el reconocimiento de mujeres que representan el esp\u00edritu de nuestra empresa:<\/p>\n\n\n<div class=\"wp-block-image\">\n<figure class=\"aligncenter size-full is-resized\"><img loading=\"lazy\" decoding=\"async\" width=\"400\" height=\"400\" src=\"http:\/\/www.carbonesandinos.com\/wp-content\/uploads\/2025\/11\/content-3.webp\" alt=\"\" class=\"wp-image-597\" style=\"width:386px;height:auto\" srcset=\"http:\/\/www.carbonesandinos.com\/wp-content\/uploads\/2025\/11\/content-3.webp 400w, http:\/\/www.carbonesandinos.com\/wp-content\/uploads\/2025\/11\/content-3-300x300.webp 300w, http:\/\/www.carbonesandinos.com\/wp-content\/uploads\/2025\/11\/content-3-150x150.webp 150w\" sizes=\"auto, (max-width: 400px) 100vw, 400px\" \/><\/figure>\n<\/div>\n\n\n<p><strong>Deycy Gil<\/strong>, (Directora de gesti\u00f3n de calidad y auditor\u00eda interna) ganadora en la categor\u00eda: <strong>Profesional Ingeniera Metal\u00fargica<\/strong>, una mujer que combina el conocimiento t\u00e9cnico con la <strong>sensibilidad humana<\/strong> para inspirar a su equipo.<\/p>\n\n\n<div class=\"wp-block-image\">\n<figure class=\"aligncenter size-full is-resized\"><img loading=\"lazy\" decoding=\"async\" width=\"400\" height=\"400\" src=\"http:\/\/www.carbonesandinos.com\/wp-content\/uploads\/2025\/11\/content-4.webp\" alt=\"\" class=\"wp-image-598\" style=\"width:372px;height:auto\" srcset=\"http:\/\/www.carbonesandinos.com\/wp-content\/uploads\/2025\/11\/content-4.webp 400w, http:\/\/www.carbonesandinos.com\/wp-content\/uploads\/2025\/11\/content-4-300x300.webp 300w, http:\/\/www.carbonesandinos.com\/wp-content\/uploads\/2025\/11\/content-4-150x150.webp 150w\" sizes=\"auto, (max-width: 400px) 100vw, 400px\" \/><\/figure>\n<\/div>\n\n\n<p><strong>Paola G\u00f3mez<\/strong>, (Directora de Medio Ambiente) ganadora en la Categor\u00eda: <strong>Profesional en Medio Ambiente<\/strong>, ejemplo de compromiso con la <strong>sostenibilidad<\/strong> y con la miner\u00eda responsable que defendemos d\u00eda a d\u00eda.<\/p>\n\n\n<div class=\"wp-block-image\">\n<figure class=\"aligncenter size-full is-resized\"><img loading=\"lazy\" decoding=\"async\" width=\"400\" height=\"400\" src=\"http:\/\/www.carbonesandinos.com\/wp-content\/uploads\/2025\/11\/content-5.webp\" alt=\"\" class=\"wp-image-599\" style=\"width:358px;height:auto\" srcset=\"http:\/\/www.carbonesandinos.com\/wp-content\/uploads\/2025\/11\/content-5.webp 400w, http:\/\/www.carbonesandinos.com\/wp-content\/uploads\/2025\/11\/content-5-300x300.webp 300w, http:\/\/www.carbonesandinos.com\/wp-content\/uploads\/2025\/11\/content-5-150x150.webp 150w\" sizes=\"auto, (max-width: 400px) 100vw, 400px\" \/><\/figure>\n<\/div>\n\n\n<p><strong>Patricia Mart\u00ednez<\/strong>, (operaria de bandas en mina Laureles) premiada como <strong>Mujer destacada<\/strong> en labores mineras subterr\u00e1neas, s\u00edmbolo de <strong>fuerza<\/strong>, <strong>constancia<\/strong> y <strong>valent\u00eda<\/strong>, demostrando que en la mina tambi\u00e9n hay espacio para la ternura y la pasi\u00f3n por el oficio.<\/p>\n\n\n\n<div class=\"wp-block-group is-nowrap is-layout-flex wp-container-core-group-is-layout-ad2f72ca wp-block-group-is-layout-flex\">\n<figure class=\"wp-block-image size-full is-resized\"><img loading=\"lazy\" decoding=\"async\" width=\"400\" height=\"400\" src=\"http:\/\/www.carbonesandinos.com\/wp-content\/uploads\/2025\/11\/418b25b1-bdeb-446f-90e9-bac10feb3f71-1.webp\" alt=\"\" class=\"wp-image-604\" style=\"width:258px;height:auto\" srcset=\"http:\/\/www.carbonesandinos.com\/wp-content\/uploads\/2025\/11\/418b25b1-bdeb-446f-90e9-bac10feb3f71-1.webp 400w, http:\/\/www.carbonesandinos.com\/wp-content\/uploads\/2025\/11\/418b25b1-bdeb-446f-90e9-bac10feb3f71-1-300x300.webp 300w, http:\/\/www.carbonesandinos.com\/wp-content\/uploads\/2025\/11\/418b25b1-bdeb-446f-90e9-bac10feb3f71-1-150x150.webp 150w\" sizes=\"auto, (max-width: 400px) 100vw, 400px\" \/><\/figure>\n\n\n\n<figure class=\"wp-block-image size-full is-resized\"><img loading=\"lazy\" decoding=\"async\" width=\"400\" height=\"400\" src=\"http:\/\/www.carbonesandinos.com\/wp-content\/uploads\/2025\/11\/c417df79-604d-446b-81e5-90a5a3d16d82-2.webp\" alt=\"\" class=\"wp-image-605\" style=\"width:257px;height:auto\" srcset=\"http:\/\/www.carbonesandinos.com\/wp-content\/uploads\/2025\/11\/c417df79-604d-446b-81e5-90a5a3d16d82-2.webp 400w, http:\/\/www.carbonesandinos.com\/wp-content\/uploads\/2025\/11\/c417df79-604d-446b-81e5-90a5a3d16d82-2-300x300.webp 300w, http:\/\/www.carbonesandinos.com\/wp-content\/uploads\/2025\/11\/c417df79-604d-446b-81e5-90a5a3d16d82-2-150x150.webp 150w\" sizes=\"auto, (max-width: 400px) 100vw, 400px\" \/><\/figure>\n\n\n\n<figure class=\"wp-block-image size-full is-resized\"><img loading=\"lazy\" decoding=\"async\" width=\"400\" height=\"400\" src=\"http:\/\/www.carbonesandinos.com\/wp-content\/uploads\/2025\/11\/b1446453-2ee6-43be-9f09-ad4438c5cf9b-1.webp\" alt=\"\" class=\"wp-image-606\" style=\"width:258px;height:auto\" srcset=\"http:\/\/www.carbonesandinos.com\/wp-content\/uploads\/2025\/11\/b1446453-2ee6-43be-9f09-ad4438c5cf9b-1.webp 400w, http:\/\/www.carbonesandinos.com\/wp-content\/uploads\/2025\/11\/b1446453-2ee6-43be-9f09-ad4438c5cf9b-1-300x300.webp 300w, http:\/\/www.carbonesandinos.com\/wp-content\/uploads\/2025\/11\/b1446453-2ee6-43be-9f09-ad4438c5cf9b-1-150x150.webp 150w\" sizes=\"auto, (max-width: 400px) 100vw, 400px\" \/><\/figure>\n<\/div>\n\n\n\n<p>Y aunque no todas se llevaron el trofeo, cada una de nuestras postuladas representa una <strong>victoria colectiva<\/strong>. <strong>Mar\u00eda Fernanda Abril<\/strong>, desde San Pedro, y <strong>Dayana Coy<\/strong>, son orgullo del talento t\u00e9cnico femenino que emerge con fuerza en nuestras plantas. <strong>Tatiana Guti\u00e9rrez<\/strong> y <strong>Ang\u00e9lica Molina<\/strong>, desde Seguridad y Salud en el Trabajo, reflejan la entrega silenciosa y constante que hace posible cuidar de todos.<\/p>\n\n\n<div class=\"wp-block-image\">\n<figure class=\"aligncenter size-full is-resized\"><img loading=\"lazy\" decoding=\"async\" width=\"960\" height=\"376\" src=\"http:\/\/www.carbonesandinos.com\/wp-content\/uploads\/2025\/11\/content-6.webp\" alt=\"\" class=\"wp-image-607\" style=\"width:626px;height:auto\" srcset=\"http:\/\/www.carbonesandinos.com\/wp-content\/uploads\/2025\/11\/content-6.webp 960w, http:\/\/www.carbonesandinos.com\/wp-content\/uploads\/2025\/11\/content-6-300x118.webp 300w, http:\/\/www.carbonesandinos.com\/wp-content\/uploads\/2025\/11\/content-6-768x301.webp 768w\" sizes=\"auto, (max-width: 960px) 100vw, 960px\" \/><\/figure>\n<\/div>\n\n\n<p>Detr\u00e1s de cada casco, cada informe o cada plan, hay una historia que pocas veces se cuenta: la de las<strong> mujeres que sostienen<\/strong> desde distintos rincones la operaci\u00f3n de Carbones Andinos.\u00a0\u00a0 Desde nuestras mujeres en servicios generales,\u00a0 compras, contabilidad, gesti\u00f3n humana, jur\u00eddico y comunicaciones. Cada una aporta su conocimiento, su paciencia y su <strong>toque humano<\/strong>, haciendo que el engranaje funcione y que nuestra empresa siga siendo m\u00e1s que un lugar de trabajo: una familia.<\/p>\n\n\n\n<p>Este reconocimiento no solo celebra los premios obtenidos, sino tambi\u00e9n a las que, sin micr\u00f3fono ni aplausos, hacen posible lo cotidiano. Porque detr\u00e1s de cada b\u00e1scula, de cada archivo, de cada n\u00f3mina, de cada pila de carb\u00f3n, de cada almac\u00e9n, de cada horno, y de cada coque que es <strong>la chispa que transforma<\/strong>, hay mujeres comprometidas con nuestra <strong>misi\u00f3n institucional<\/strong>, mujeres que no se detienen, que aprenden, que lideran, que ense\u00f1an.<\/p>\n\n\n\n<p>En Carbones Andinos creemos que la miner\u00eda con sentido humano se construye con <strong>equilibrio<\/strong>, con <strong>respeto<\/strong> y con <strong>gratitud<\/strong>. Por eso hoy, desde Comunicaciones y Bienestar, queremos agradecerles. Gracias por demostrar que la fuerza no se opone a la ternura, que el <strong>liderazgo puede ser emp\u00e1tico<\/strong>, que la <strong>resiliencia<\/strong> tambi\u00e9n tiene rostro de\u00a0 mujer.<\/p>\n\n\n\n<p>A veces hay que detenerse, mirar alrededor y reconocer lo que damos por sentado. Este es uno de esos momentos. <strong>Gracias por inspirarnos<\/strong>, por recordarnos que el <strong>compromiso no tiene g\u00e9nero<\/strong> y que el valor verdadero se demuestra en el trabajo bien hecho, en la mano extendida, en la sonrisa compartida, en la solidaridad del d\u00eda a d\u00eda.<\/p>\n\n\n\n<p>Como madres, compa\u00f1eras, l\u00edderes o amigas, son parte esencial de esta historia. Y aunque los premios se entreguen una vez al a\u00f1o, <strong>el reconocimiento a su trabajo es permanente<\/strong>. Porque en cada metro de carb\u00f3n extra\u00eddo, en cada avance ambiental, en cada decisi\u00f3n responsable, hay una parte de ustedes.<\/p>\n\n\n\n<p>Gracias por ser la <strong>fuerza<\/strong> que impulsa, el <strong>ejemplo<\/strong> que gu\u00eda y el coraz\u00f3n que late dentro de Carbones Andinos.<\/p>\n\n\n\n<p>Con cari\u00f1o y orgullo,<\/p>\n\n\n\n<p>Karim Chal\u00e1<\/p>\n\n\n\n<p>Comunicador organizacional de Carbones Andinos<\/p>\n\n\n\n<p><\/p>\n","protected":false},"excerpt":{"rendered":"<p>Hay momentos que nos recuerdan por qu\u00e9 hacemos lo que hacemos. Detr\u00e1s de cada jornada, de cada avance y de cada logro, siempre hay una historia que sostiene el trabajo; en Carbones Andinos esa historia tiene rostro de mujer. En la Segunda Versi\u00f3n del Galard\u00f3n Mujer Minera, organizada por la Secretar\u00eda de Minas de Boyac\u00e1,&hellip;&nbsp;<a href=\"http:\/\/www.carbonesandinos.com\/?p=594\" rel=\"bookmark\">Read More &raquo;<span class=\"screen-reader-text\">Nuestras Mujeres, un referente de la miner\u00eda hecha con el coraz\u00f3n<\/span><\/a><\/p>\n","protected":false},"author":1,"featured_media":607,"comment_status":"open","ping_status":"open","sticky":false,"template":"","format":"standard","meta":{"neve_meta_sidebar":"","neve_meta_container":"","neve_meta_enable_content_width":"","neve_meta_content_width":0,"neve_meta_title_alignment":"","neve_meta_author_avatar":"","neve_post_elements_order":"","neve_meta_disable_header":"","neve_meta_disable_footer":"","neve_meta_disable_title":"","footnotes":""},"categories":[1],"tags":[],"class_list":["post-594","post","type-post","status-publish","format-standard","has-post-thumbnail","hentry","category-uncategorized"],"_links":{"self":[{"href":"http:\/\/www.carbonesandinos.com\/index.php?rest_route=\/wp\/v2\/posts\/594","targetHints":{"allow":["GET"]}}],"collection":[{"href":"http:\/\/www.carbonesandinos.com\/index.php?rest_route=\/wp\/v2\/posts"}],"about":[{"href":"http:\/\/www.carbonesandinos.com\/index.php?rest_route=\/wp\/v2\/types\/post"}],"author":[{"embeddable":true,"href":"http:\/\/www.carbonesandinos.com\/index.php?rest_route=\/wp\/v2\/users\/1"}],"replies":[{"embeddable":true,"href":"http:\/\/www.carbonesandinos.com\/index.php?rest_route=%2Fwp%2Fv2%2Fcomments&post=594"}],"version-history":[{"count":1,"href":"http:\/\/www.carbonesandinos.com\/index.php?rest_route=\/wp\/v2\/posts\/594\/revisions"}],"predecessor-version":[{"id":608,"href":"http:\/\/www.carbonesandinos.com\/index.php?rest_route=\/wp\/v2\/posts\/594\/revisions\/608"}],"wp:featuredmedia":[{"embeddable":true,"href":"http:\/\/www.carbonesandinos.com\/index.php?rest_route=\/wp\/v2\/media\/607"}],"wp:attachment":[{"href":"http:\/\/www.carbonesandinos.com\/index.php?rest_route=%2Fwp%2Fv2%2Fmedia&parent=594"}],"wp:term":[{"taxonomy":"category","embeddable":true,"href":"http:\/\/www.carbonesandinos.com\/index.php?rest_route=%2Fwp%2Fv2%2Fcategories&post=594"},{"taxonomy":"post_tag","embeddable":true,"href":"http:\/\/www.carbonesandinos.com\/index.php?rest_route=%2Fwp%2Fv2%2Ftags&post=594"}],"curies":[{"name":"wp","href":"https:\/\/api.w.org\/{rel}","templated":true}]}}