{"id":587,"date":"2025-11-27T21:13:16","date_gmt":"2025-11-27T21:13:16","guid":{"rendered":"http:\/\/www.carbonesandinos.com\/?p=587"},"modified":"2025-11-27T21:13:26","modified_gmt":"2025-11-27T21:13:26","slug":"sello-verde-de-verdad-2025","status":"publish","type":"post","link":"http:\/\/www.carbonesandinos.com\/?p=587","title":{"rendered":"Sello Verde de Verdad 2025"},"content":{"rendered":"\n<p>En Carbones Andinos seguimos fortaleciendo nuestra ruta hacia una gesti\u00f3n m\u00e1s responsable con el entorno. Nuevamente recibimos el <strong>Sello VERDE DE VERDAD<\/strong>, una <strong>certificaci\u00f3n ambiental<\/strong> voluntaria que destaca a las organizaciones que trabajan con procesos claros y medibles en <strong>sostenibilidad<\/strong>.<\/p>\n\n\n<div class=\"wp-block-image\">\n<figure class=\"aligncenter size-large is-resized\"><img loading=\"lazy\" decoding=\"async\" width=\"1024\" height=\"576\" src=\"http:\/\/www.carbonesandinos.com\/wp-content\/uploads\/2025\/11\/d369b493-396b-47a2-a74f-27cf9522de37-1024x576.webp\" alt=\"\" class=\"wp-image-588\" style=\"width:551px;height:auto\" srcset=\"http:\/\/www.carbonesandinos.com\/wp-content\/uploads\/2025\/11\/d369b493-396b-47a2-a74f-27cf9522de37-1024x576.webp 1024w, http:\/\/www.carbonesandinos.com\/wp-content\/uploads\/2025\/11\/d369b493-396b-47a2-a74f-27cf9522de37-300x169.webp 300w, http:\/\/www.carbonesandinos.com\/wp-content\/uploads\/2025\/11\/d369b493-396b-47a2-a74f-27cf9522de37-768x432.webp 768w, http:\/\/www.carbonesandinos.com\/wp-content\/uploads\/2025\/11\/d369b493-396b-47a2-a74f-27cf9522de37.webp 1280w\" sizes=\"auto, (max-width: 1024px) 100vw, 1024px\" \/><\/figure>\n<\/div>\n\n\n<p>El reconocimiento fue otorgado por <strong>CO2CERO<\/strong> y nos ubica en la <strong>categor\u00eda Semilla<\/strong>, una etapa que se enfoca en medir nuestro <strong>desempe\u00f1o ambiental<\/strong> para tomar decisiones informadas. Este punto de partida nos permite avanzar con bases s\u00f3lidas y con una <strong>visi\u00f3n transparente<\/strong> sobre c\u00f3mo seguir mejorando.<\/p>\n\n\n<div class=\"wp-block-image\">\n<figure class=\"aligncenter size-full is-resized\"><img loading=\"lazy\" decoding=\"async\" width=\"720\" height=\"960\" src=\"http:\/\/www.carbonesandinos.com\/wp-content\/uploads\/2025\/11\/content.webp\" alt=\"\" class=\"wp-image-589\" style=\"width:330px;height:auto\" srcset=\"http:\/\/www.carbonesandinos.com\/wp-content\/uploads\/2025\/11\/content.webp 720w, http:\/\/www.carbonesandinos.com\/wp-content\/uploads\/2025\/11\/content-225x300.webp 225w\" sizes=\"auto, (max-width: 720px) 100vw, 720px\" \/><\/figure>\n<\/div>\n\n\n<p>Hemos venido construyendo esta visi\u00f3n, integrando la <strong>sostenibilidad<\/strong> como un objetivo de largo plazo y no solo como una declaraci\u00f3n. La certificaci\u00f3n confirma que <strong>vamos por buen camino<\/strong>, consolidando procesos que nos ayudan a seguir creciendo de manera <strong>responsable<\/strong>.<\/p>\n\n\n\n<p>Este <strong>logro<\/strong> es un motivo m\u00e1s para continuar trabajando con disciplina y coherencia, siempre pensando en un<strong> futuro sostenible<\/strong> para la empresa y para nuestro entorno.<\/p>\n\n\n<div class=\"wp-block-image\">\n<figure class=\"aligncenter size-full is-resized\"><img loading=\"lazy\" decoding=\"async\" width=\"720\" height=\"960\" src=\"http:\/\/www.carbonesandinos.com\/wp-content\/uploads\/2025\/11\/content-1.webp\" alt=\"\" class=\"wp-image-590\" style=\"width:338px;height:auto\" srcset=\"http:\/\/www.carbonesandinos.com\/wp-content\/uploads\/2025\/11\/content-1.webp 720w, http:\/\/www.carbonesandinos.com\/wp-content\/uploads\/2025\/11\/content-1-225x300.webp 225w\" sizes=\"auto, (max-width: 720px) 100vw, 720px\" \/><\/figure>\n<\/div>","protected":false},"excerpt":{"rendered":"<p>En Carbones Andinos seguimos fortaleciendo nuestra ruta hacia una gesti\u00f3n m\u00e1s responsable con el entorno. Nuevamente recibimos el Sello VERDE DE VERDAD, una certificaci\u00f3n ambiental voluntaria que destaca a las organizaciones que trabajan con procesos claros y medibles en sostenibilidad. El reconocimiento fue otorgado por CO2CERO y nos ubica en la categor\u00eda Semilla, una etapa&hellip;&nbsp;<a href=\"http:\/\/www.carbonesandinos.com\/?p=587\" rel=\"bookmark\">Read More &raquo;<span class=\"screen-reader-text\">Sello Verde de Verdad 2025<\/span><\/a><\/p>\n","protected":false},"author":1,"featured_media":588,"comment_status":"open","ping_status":"open","sticky":false,"template":"","format":"standard","meta":{"neve_meta_sidebar":"","neve_meta_container":"","neve_meta_enable_content_width":"","neve_meta_content_width":0,"neve_meta_title_alignment":"","neve_meta_author_avatar":"","neve_post_elements_order":"","neve_meta_disable_header":"","neve_meta_disable_footer":"","neve_meta_disable_title":"","footnotes":""},"categories":[2],"tags":[],"class_list":["post-587","post","type-post","status-publish","format-standard","has-post-thumbnail","hentry","category-noticias"],"_links":{"self":[{"href":"http:\/\/www.carbonesandinos.com\/index.php?rest_route=\/wp\/v2\/posts\/587","targetHints":{"allow":["GET"]}}],"collection":[{"href":"http:\/\/www.carbonesandinos.com\/index.php?rest_route=\/wp\/v2\/posts"}],"about":[{"href":"http:\/\/www.carbonesandinos.com\/index.php?rest_route=\/wp\/v2\/types\/post"}],"author":[{"embeddable":true,"href":"http:\/\/www.carbonesandinos.com\/index.php?rest_route=\/wp\/v2\/users\/1"}],"replies":[{"embeddable":true,"href":"http:\/\/www.carbonesandinos.com\/index.php?rest_route=%2Fwp%2Fv2%2Fcomments&post=587"}],"version-history":[{"count":1,"href":"http:\/\/www.carbonesandinos.com\/index.php?rest_route=\/wp\/v2\/posts\/587\/revisions"}],"predecessor-version":[{"id":591,"href":"http:\/\/www.carbonesandinos.com\/index.php?rest_route=\/wp\/v2\/posts\/587\/revisions\/591"}],"wp:featuredmedia":[{"embeddable":true,"href":"http:\/\/www.carbonesandinos.com\/index.php?rest_route=\/wp\/v2\/media\/588"}],"wp:attachment":[{"href":"http:\/\/www.carbonesandinos.com\/index.php?rest_route=%2Fwp%2Fv2%2Fmedia&parent=587"}],"wp:term":[{"taxonomy":"category","embeddable":true,"href":"http:\/\/www.carbonesandinos.com\/index.php?rest_route=%2Fwp%2Fv2%2Fcategories&post=587"},{"taxonomy":"post_tag","embeddable":true,"href":"http:\/\/www.carbonesandinos.com\/index.php?rest_route=%2Fwp%2Fv2%2Ftags&post=587"}],"curies":[{"name":"wp","href":"https:\/\/api.w.org\/{rel}","templated":true}]}}