{"id":561,"date":"2025-10-24T14:17:31","date_gmt":"2025-10-24T14:17:31","guid":{"rendered":"http:\/\/www.carbonesandinos.com\/?p=561"},"modified":"2025-11-27T21:14:55","modified_gmt":"2025-11-27T21:14:55","slug":"la-fundacion-corazon-andino-es-galardonada-en-los-premios-de-sostenibilidad-en-boyaca","status":"publish","type":"post","link":"http:\/\/www.carbonesandinos.com\/?p=561","title":{"rendered":"La Fundaci\u00f3n Coraz\u00f3n Andino es galardonada en los premios de sostenibilidad en Boyac\u00e1."},"content":{"rendered":"\n<p>Samacatex, proyecto de la Fundaci\u00f3n Coraz\u00f3n Andino, se lleva el primer lugar en la categor\u00eda <strong>de innovaci\u00f3n social<\/strong> en los premios de la sostenibilidad de Boyac\u00e1 otorgados por la <strong>Universidad Santo Tom\u00e1s y Urbaser.<\/strong><\/p>\n\n\n\n<figure class=\"wp-block-image size-large\"><img loading=\"lazy\" decoding=\"async\" width=\"1024\" height=\"768\" src=\"http:\/\/www.carbonesandinos.com\/wp-content\/uploads\/2025\/10\/Imagen-de-WhatsApp-2025-10-22-a-las-14.27.23_88e78f30-2-1024x768.jpg\" alt=\"\" class=\"wp-image-562\" srcset=\"http:\/\/www.carbonesandinos.com\/wp-content\/uploads\/2025\/10\/Imagen-de-WhatsApp-2025-10-22-a-las-14.27.23_88e78f30-2-1024x768.jpg 1024w, http:\/\/www.carbonesandinos.com\/wp-content\/uploads\/2025\/10\/Imagen-de-WhatsApp-2025-10-22-a-las-14.27.23_88e78f30-2-300x225.jpg 300w, http:\/\/www.carbonesandinos.com\/wp-content\/uploads\/2025\/10\/Imagen-de-WhatsApp-2025-10-22-a-las-14.27.23_88e78f30-2-768x576.jpg 768w, http:\/\/www.carbonesandinos.com\/wp-content\/uploads\/2025\/10\/Imagen-de-WhatsApp-2025-10-22-a-las-14.27.23_88e78f30-2.jpg 1280w\" sizes=\"auto, (max-width: 1024px) 100vw, 1024px\" \/><\/figure>\n\n\n\n<p>Los <strong>Premios a la Sostenibilidad de Boyac\u00e1<\/strong> tienen como objetivo reconocer y destacar las iniciativas que est\u00e1n generando un <strong>impacto positivo en la regi\u00f3n<\/strong> a trav\u00e9s de la <strong>innovaci\u00f3n social<\/strong>, la econom\u00eda circular y la gesti\u00f3n ambiental responsable. En esta edici\u00f3n, se dio a conocer que <strong>Samacatex<\/strong> ha fortalecido la econom\u00eda local mediante la formaci\u00f3n y confecci\u00f3n textil, beneficiando a m\u00e1s de <strong>500 mujeres del territorio<\/strong>; promoviendo la inclusi\u00f3n y el desarrollo sostenible.<\/p>\n\n\n\n<p>El momento de recibir el premio fue realmente emotivo. Kely Forero, coordinadora de la Fundaci\u00f3n Coraz\u00f3n Andino, recuerda el instante en que se anunci\u00f3 el ganador: &#8220;Estaba sentada, emocionada, cuando empezaron a nombrar las categor\u00edas. De repente, nombran el primer puesto y dicen <strong>Samacatex<\/strong>. En ese instante, se proyect\u00f3 el video que mostr\u00f3 el impacto del proyecto en la comunidad, generando una gran <strong>conexi\u00f3n con el p\u00fablico<\/strong>. &#8220;Hubo mucha conexi\u00f3n con el video, lo analizaban, fue muy emotivo&#8221;, recuerda Kely.<\/p>\n\n\n\n<figure class=\"wp-block-image size-large\"><img loading=\"lazy\" decoding=\"async\" width=\"1024\" height=\"682\" src=\"http:\/\/www.carbonesandinos.com\/wp-content\/uploads\/2025\/10\/Imagen-de-WhatsApp-2025-10-24-a-las-09.16.08_537d7608-1024x682.jpg\" alt=\"\" class=\"wp-image-563\" srcset=\"http:\/\/www.carbonesandinos.com\/wp-content\/uploads\/2025\/10\/Imagen-de-WhatsApp-2025-10-24-a-las-09.16.08_537d7608-1024x682.jpg 1024w, http:\/\/www.carbonesandinos.com\/wp-content\/uploads\/2025\/10\/Imagen-de-WhatsApp-2025-10-24-a-las-09.16.08_537d7608-300x200.jpg 300w, http:\/\/www.carbonesandinos.com\/wp-content\/uploads\/2025\/10\/Imagen-de-WhatsApp-2025-10-24-a-las-09.16.08_537d7608-768x512.jpg 768w, http:\/\/www.carbonesandinos.com\/wp-content\/uploads\/2025\/10\/Imagen-de-WhatsApp-2025-10-24-a-las-09.16.08_537d7608-930x620.jpg 930w, http:\/\/www.carbonesandinos.com\/wp-content\/uploads\/2025\/10\/Imagen-de-WhatsApp-2025-10-24-a-las-09.16.08_537d7608.jpg 1280w\" sizes=\"auto, (max-width: 1024px) 100vw, 1024px\" \/><\/figure>\n\n\n\n<p>Cuando ella subi\u00f3 al escenario a recibir el premio, record\u00f3 a las mujeres que hacen posible este proyecto: &#8220;Record\u00e9 a las docentes, las supervisoras, las chicas que van y dejan a sus ni\u00f1os en el colegio para asistir a las clases&#8221;. Tambi\u00e9n record\u00f3 que hace cinco a\u00f1os entr\u00f3 a la fundaci\u00f3n y desde entonces ha visto <strong>crecer esta iniciativa.<\/strong><\/p>\n\n\n\n<p>Este reconocimiento es un testimonio del <strong>impacto positivo<\/strong> que podemos generar cuando trabajamos juntos hacia un objetivo com\u00fan. En la Fundaci\u00f3n Coraz\u00f3n Andino, estamos comprometidos con la <strong>sostenibilidad y el desarrollo<\/strong> de nuestras comunidades, y este logro nos motiva a seguir trabajando hacia un futuro m\u00e1s sostenible y equitativo.<\/p>\n\n\n\n<figure class=\"wp-block-image size-large\"><img loading=\"lazy\" decoding=\"async\" width=\"1024\" height=\"768\" src=\"http:\/\/www.carbonesandinos.com\/wp-content\/uploads\/2025\/10\/Imagen-de-WhatsApp-2025-10-22-a-las-14.28.25_14412a6a-1024x768.jpg\" alt=\"\" class=\"wp-image-564\" srcset=\"http:\/\/www.carbonesandinos.com\/wp-content\/uploads\/2025\/10\/Imagen-de-WhatsApp-2025-10-22-a-las-14.28.25_14412a6a-1024x768.jpg 1024w, http:\/\/www.carbonesandinos.com\/wp-content\/uploads\/2025\/10\/Imagen-de-WhatsApp-2025-10-22-a-las-14.28.25_14412a6a-300x225.jpg 300w, http:\/\/www.carbonesandinos.com\/wp-content\/uploads\/2025\/10\/Imagen-de-WhatsApp-2025-10-22-a-las-14.28.25_14412a6a-768x576.jpg 768w, http:\/\/www.carbonesandinos.com\/wp-content\/uploads\/2025\/10\/Imagen-de-WhatsApp-2025-10-22-a-las-14.28.25_14412a6a.jpg 1280w\" sizes=\"auto, (max-width: 1024px) 100vw, 1024px\" \/><\/figure>\n\n\n\n<p>Estamos orgullosos de hacer parte de esta iniciativa y agradecemos a todos los que han hecho posible este logro.\u00ad<\/p>\n","protected":false},"excerpt":{"rendered":"<p>Samacatex, proyecto de la Fundaci\u00f3n Coraz\u00f3n Andino, se lleva el primer lugar en la categor\u00eda de innovaci\u00f3n social en los premios de la sostenibilidad de Boyac\u00e1 otorgados por la Universidad Santo Tom\u00e1s y Urbaser. Los Premios a la Sostenibilidad de Boyac\u00e1 tienen como objetivo reconocer y destacar las iniciativas que est\u00e1n generando un impacto positivo&hellip;&nbsp;<a href=\"http:\/\/www.carbonesandinos.com\/?p=561\" rel=\"bookmark\">Read More &raquo;<span class=\"screen-reader-text\">La Fundaci\u00f3n Coraz\u00f3n Andino es galardonada en los premios de sostenibilidad en Boyac\u00e1.<\/span><\/a><\/p>\n","protected":false},"author":1,"featured_media":563,"comment_status":"open","ping_status":"open","sticky":false,"template":"","format":"standard","meta":{"neve_meta_sidebar":"","neve_meta_container":"","neve_meta_enable_content_width":"","neve_meta_content_width":0,"neve_meta_title_alignment":"","neve_meta_author_avatar":"","neve_post_elements_order":"","neve_meta_disable_header":"","neve_meta_disable_footer":"","neve_meta_disable_title":"","footnotes":""},"categories":[2],"tags":[],"class_list":["post-561","post","type-post","status-publish","format-standard","has-post-thumbnail","hentry","category-noticias"],"_links":{"self":[{"href":"http:\/\/www.carbonesandinos.com\/index.php?rest_route=\/wp\/v2\/posts\/561","targetHints":{"allow":["GET"]}}],"collection":[{"href":"http:\/\/www.carbonesandinos.com\/index.php?rest_route=\/wp\/v2\/posts"}],"about":[{"href":"http:\/\/www.carbonesandinos.com\/index.php?rest_route=\/wp\/v2\/types\/post"}],"author":[{"embeddable":true,"href":"http:\/\/www.carbonesandinos.com\/index.php?rest_route=\/wp\/v2\/users\/1"}],"replies":[{"embeddable":true,"href":"http:\/\/www.carbonesandinos.com\/index.php?rest_route=%2Fwp%2Fv2%2Fcomments&post=561"}],"version-history":[{"count":1,"href":"http:\/\/www.carbonesandinos.com\/index.php?rest_route=\/wp\/v2\/posts\/561\/revisions"}],"predecessor-version":[{"id":565,"href":"http:\/\/www.carbonesandinos.com\/index.php?rest_route=\/wp\/v2\/posts\/561\/revisions\/565"}],"wp:featuredmedia":[{"embeddable":true,"href":"http:\/\/www.carbonesandinos.com\/index.php?rest_route=\/wp\/v2\/media\/563"}],"wp:attachment":[{"href":"http:\/\/www.carbonesandinos.com\/index.php?rest_route=%2Fwp%2Fv2%2Fmedia&parent=561"}],"wp:term":[{"taxonomy":"category","embeddable":true,"href":"http:\/\/www.carbonesandinos.com\/index.php?rest_route=%2Fwp%2Fv2%2Fcategories&post=561"},{"taxonomy":"post_tag","embeddable":true,"href":"http:\/\/www.carbonesandinos.com\/index.php?rest_route=%2Fwp%2Fv2%2Ftags&post=561"}],"curies":[{"name":"wp","href":"https:\/\/api.w.org\/{rel}","templated":true}]}}