{"id":532,"date":"2025-07-29T16:54:18","date_gmt":"2025-07-29T16:54:18","guid":{"rendered":"http:\/\/www.carbonesandinos.com\/?p=532"},"modified":"2025-07-29T16:54:18","modified_gmt":"2025-07-29T16:54:18","slug":"asi-conmemoramos-el-mes-del-minero","status":"publish","type":"post","link":"http:\/\/www.carbonesandinos.com\/?p=532","title":{"rendered":"As\u00ed conmemoramos el mes del minero"},"content":{"rendered":"\n<p>En una industria que nunca se detiene, donde el esfuerzo y la entrega de cada persona son claves para avanzar, quisimos detenernos un momento para agradecer a&nbsp;<strong>quienes hacen posible esta labor<\/strong>: nuestros mineros y mineras.<\/p>\n\n\n\n<p>El trabajo del minero es sin\u00f3nimo de esfuerzo, constancia y compromiso. Detr\u00e1s de cada avance, cada tonelada extra\u00edda y cada logro alcanzado, hay personas que&nbsp;<strong>d\u00eda a d\u00eda enfrentan desaf\u00edos<\/strong>&nbsp;con coraje y vocaci\u00f3n.<\/p>\n\n\n\n<p>Se realizaron visitas a distintas minas y plantas con el prop\u00f3sito de compartir con las y los trabajadores un momento cercano, marcado por la gratitud hacia su esfuerzo diario y el rol fundamental que desempe\u00f1an en&nbsp;<strong>el coraz\u00f3n de nuestra operaci\u00f3n<\/strong>. En cada lugar se entregaron detalles conmemorativos como&nbsp;<strong>s\u00edmbolo de reconocimiento a su valiosa labor<\/strong>. M\u00e1s all\u00e1 del gesto material, el verdadero objetivo fue visibilizar el impacto humano que sostiene y da vida a nuestra actividad.<\/p>\n\n\n\n<figure class=\"wp-block-image size-large\"><img loading=\"lazy\" decoding=\"async\" width=\"1024\" height=\"807\" src=\"http:\/\/www.carbonesandinos.com\/wp-content\/uploads\/2025\/07\/fotoedi-1024x807.jpg\" alt=\"\" class=\"wp-image-536\" srcset=\"http:\/\/www.carbonesandinos.com\/wp-content\/uploads\/2025\/07\/fotoedi-1024x807.jpg 1024w, http:\/\/www.carbonesandinos.com\/wp-content\/uploads\/2025\/07\/fotoedi-300x236.jpg 300w, http:\/\/www.carbonesandinos.com\/wp-content\/uploads\/2025\/07\/fotoedi-768x605.jpg 768w, http:\/\/www.carbonesandinos.com\/wp-content\/uploads\/2025\/07\/fotoedi-1536x1211.jpg 1536w, http:\/\/www.carbonesandinos.com\/wp-content\/uploads\/2025\/07\/fotoedi.jpg 1600w\" sizes=\"auto, (max-width: 1024px) 100vw, 1024px\" \/><\/figure>\n\n\n\n<p>Como parte de esta conmemoraci\u00f3n, se generaron espacios para compartir con los equipos el\u00a0<strong>Norte Estrat\u00e9gico de la compa\u00f1\u00eda<\/strong>, una gu\u00eda clave que nos orienta frente a los desaf\u00edos actuales y marca<strong>\u00a0el rumbo que queremos seguir como organizaci\u00f3n<\/strong>.\u00a0<\/p>\n\n\n\n<p>Tambi\u00e9n se cont\u00f3 con la participaci\u00f3n de<strong>&nbsp;Camilo C\u00e1rdenas<\/strong>, fundador de la empresa, quien se sum\u00f3 a las actividades en dos de las visitas,&nbsp;<strong>compartiendo directamente con los equipos<\/strong>, escuchando sus experiencias y reafirmando que cada persona cumple un rol clave en cada proceso.<\/p>\n\n\n\n<figure class=\"wp-block-image size-large\"><img loading=\"lazy\" decoding=\"async\" width=\"1024\" height=\"576\" src=\"http:\/\/www.carbonesandinos.com\/wp-content\/uploads\/2025\/07\/Ima5-1024x576.jpg\" alt=\"Encuentro con Don Camilo C\u00e1rdenas\" class=\"wp-image-534\" srcset=\"http:\/\/www.carbonesandinos.com\/wp-content\/uploads\/2025\/07\/Ima5-1024x576.jpg 1024w, http:\/\/www.carbonesandinos.com\/wp-content\/uploads\/2025\/07\/Ima5-300x169.jpg 300w, http:\/\/www.carbonesandinos.com\/wp-content\/uploads\/2025\/07\/Ima5-768x432.jpg 768w, http:\/\/www.carbonesandinos.com\/wp-content\/uploads\/2025\/07\/Ima5-1536x864.jpg 1536w, http:\/\/www.carbonesandinos.com\/wp-content\/uploads\/2025\/07\/Ima5.jpg 1600w\" sizes=\"auto, (max-width: 1024px) 100vw, 1024px\" \/><\/figure>\n\n\n\n<p>Finalmente, se llev\u00f3 a cabo una actividad l\u00fadica y participativa, en la que los equipos\u00a0<strong>trabajaron en conjunto<\/strong>, aplicando las convicciones del Norte Estrat\u00e9gico. Esta din\u00e1mica foment\u00f3 la colaboraci\u00f3n y el respeto mutuo, adem\u00e1s\u00a0<strong>fortaleci\u00f3 el compromiso con nuestra cultura organizacional.<\/strong><\/p>\n\n\n\n<p>Desde el proceso de Comunicaciones y Bienestar continuaremos visitando los diferentes frentes de trabajo con el objetivo de&nbsp;<strong>generar m\u00e1s espacios de integraci\u00f3n<\/strong>. Si tiene alguna sugerencia, no dude en comunicarse con nosotros al 313 872 14 17.<\/p>\n\n\n\n<figure class=\"wp-block-image size-large\"><img loading=\"lazy\" decoding=\"async\" width=\"1024\" height=\"671\" src=\"http:\/\/www.carbonesandinos.com\/wp-content\/uploads\/2025\/07\/fotooo-1024x671.jpg\" alt=\"\" class=\"wp-image-538\" srcset=\"http:\/\/www.carbonesandinos.com\/wp-content\/uploads\/2025\/07\/fotooo-1024x671.jpg 1024w, http:\/\/www.carbonesandinos.com\/wp-content\/uploads\/2025\/07\/fotooo-300x197.jpg 300w, http:\/\/www.carbonesandinos.com\/wp-content\/uploads\/2025\/07\/fotooo-768x503.jpg 768w, http:\/\/www.carbonesandinos.com\/wp-content\/uploads\/2025\/07\/fotooo.jpg 1533w\" sizes=\"auto, (max-width: 1024px) 100vw, 1024px\" \/><\/figure>\n","protected":false},"excerpt":{"rendered":"<p>En una industria que nunca se detiene, donde el esfuerzo y la entrega de cada persona son claves para avanzar, quisimos detenernos un momento para agradecer a&nbsp;quienes hacen posible esta labor: nuestros mineros y mineras. El trabajo del minero es sin\u00f3nimo de esfuerzo, constancia y compromiso. Detr\u00e1s de cada avance, cada tonelada extra\u00edda y cada&hellip;&nbsp;<a href=\"http:\/\/www.carbonesandinos.com\/?p=532\" rel=\"bookmark\">Read More &raquo;<span class=\"screen-reader-text\">As\u00ed conmemoramos el mes del minero<\/span><\/a><\/p>\n","protected":false},"author":1,"featured_media":534,"comment_status":"open","ping_status":"open","sticky":false,"template":"","format":"standard","meta":{"neve_meta_sidebar":"","neve_meta_container":"","neve_meta_enable_content_width":"","neve_meta_content_width":0,"neve_meta_title_alignment":"","neve_meta_author_avatar":"","neve_post_elements_order":"","neve_meta_disable_header":"","neve_meta_disable_footer":"","neve_meta_disable_title":"","footnotes":""},"categories":[2],"tags":[],"class_list":["post-532","post","type-post","status-publish","format-standard","has-post-thumbnail","hentry","category-noticias"],"_links":{"self":[{"href":"http:\/\/www.carbonesandinos.com\/index.php?rest_route=\/wp\/v2\/posts\/532","targetHints":{"allow":["GET"]}}],"collection":[{"href":"http:\/\/www.carbonesandinos.com\/index.php?rest_route=\/wp\/v2\/posts"}],"about":[{"href":"http:\/\/www.carbonesandinos.com\/index.php?rest_route=\/wp\/v2\/types\/post"}],"author":[{"embeddable":true,"href":"http:\/\/www.carbonesandinos.com\/index.php?rest_route=\/wp\/v2\/users\/1"}],"replies":[{"embeddable":true,"href":"http:\/\/www.carbonesandinos.com\/index.php?rest_route=%2Fwp%2Fv2%2Fcomments&post=532"}],"version-history":[{"count":1,"href":"http:\/\/www.carbonesandinos.com\/index.php?rest_route=\/wp\/v2\/posts\/532\/revisions"}],"predecessor-version":[{"id":539,"href":"http:\/\/www.carbonesandinos.com\/index.php?rest_route=\/wp\/v2\/posts\/532\/revisions\/539"}],"wp:featuredmedia":[{"embeddable":true,"href":"http:\/\/www.carbonesandinos.com\/index.php?rest_route=\/wp\/v2\/media\/534"}],"wp:attachment":[{"href":"http:\/\/www.carbonesandinos.com\/index.php?rest_route=%2Fwp%2Fv2%2Fmedia&parent=532"}],"wp:term":[{"taxonomy":"category","embeddable":true,"href":"http:\/\/www.carbonesandinos.com\/index.php?rest_route=%2Fwp%2Fv2%2Fcategories&post=532"},{"taxonomy":"post_tag","embeddable":true,"href":"http:\/\/www.carbonesandinos.com\/index.php?rest_route=%2Fwp%2Fv2%2Ftags&post=532"}],"curies":[{"name":"wp","href":"https:\/\/api.w.org\/{rel}","templated":true}]}}