{"id":1,"date":"2024-12-20T19:28:00","date_gmt":"2024-12-20T19:28:00","guid":{"rendered":"https:\/\/carbonesandinos.com\/wp\/?p=1"},"modified":"2025-01-15T19:28:58","modified_gmt":"2025-01-15T19:28:58","slug":"hello-world","status":"publish","type":"post","link":"http:\/\/www.carbonesandinos.com\/?p=1","title":{"rendered":"Carbones Andinos y Fundaci\u00f3n Coraz\u00f3n Andino, en los Galardones Hechos al Carb\u00f3n"},"content":{"rendered":"\n<p>En el marco del <strong>MetCoke <\/strong>que destaca las mejores pr\u00e1cticas de sostenibilidad y responsabilidad social en la industria minera, <strong>Carbones Andinos<\/strong> y la <strong>Fundaci\u00f3n Coraz\u00f3n Andino<\/strong> fueron galardonados por su destacada participaci\u00f3n en la primera edici\u00f3n del <strong>Galard\u00f3n Hechos al Carb\u00f3n<\/strong>, organizado por la Federaci\u00f3n Nacional de Productores de Carb\u00f3n, <strong>Fenalcarb\u00f3n<\/strong>.<\/p>\n\n\n\n<p>El reconocimiento, que busca resaltar el liderazgo y compromiso de las empresas en la gesti\u00f3n territorial sostenible, destac\u00f3 la iniciativa <strong>SAMACATEX<\/strong> en la categor\u00eda &#8220;Proyectos para el bienestar social y econ\u00f3mico de las comunidades&#8221;, nivel <strong>Experto<\/strong>. Este proyecto, liderado por Carbones Andinos en colaboraci\u00f3n con la Fundaci\u00f3n Coraz\u00f3n Andino, se enfoca en mejorar las condiciones de vida de las comunidades a trav\u00e9s del acceso a servicios b\u00e1sicos, educaci\u00f3n, salud y emprendimiento, entre otros aspectos fundamentales.<\/p>\n\n\n\n<figure class=\"wp-block-image size-large\"><img loading=\"lazy\" decoding=\"async\" width=\"1024\" height=\"768\" src=\"https:\/\/carbonesandinos.com\/wp\/wp-content\/uploads\/2024\/01\/WhatsApp-Image-2025-01-15-at-1.54.22-PM-1024x768.jpeg\" alt=\"Entrega de Premio Hechos Al Carb\u00f3n a Carbones Andinos\" class=\"wp-image-339\" srcset=\"http:\/\/www.carbonesandinos.com\/wp-content\/uploads\/2024\/01\/WhatsApp-Image-2025-01-15-at-1.54.22-PM-1024x768.jpeg 1024w, http:\/\/www.carbonesandinos.com\/wp-content\/uploads\/2024\/01\/WhatsApp-Image-2025-01-15-at-1.54.22-PM-300x225.jpeg 300w, http:\/\/www.carbonesandinos.com\/wp-content\/uploads\/2024\/01\/WhatsApp-Image-2025-01-15-at-1.54.22-PM-768x576.jpeg 768w, http:\/\/www.carbonesandinos.com\/wp-content\/uploads\/2024\/01\/WhatsApp-Image-2025-01-15-at-1.54.22-PM.jpeg 1280w\" sizes=\"auto, (max-width: 1024px) 100vw, 1024px\" \/><\/figure>\n\n\n\n<p><strong>Carlos Cante<\/strong>, presidente de Fenalcarb\u00f3n, expres\u00f3:<br><em>&#8220;Con este premio queremos visibilizar a las empresas que est\u00e1n transformando la miner\u00eda hacia un modelo m\u00e1s responsable. Empresas como Carbones Andinos est\u00e1n comprometidas con generar valor compartido, mejorando la calidad de vida de las comunidades y protegiendo el entorno natural.&#8221;<\/em><\/p>\n\n\n\n<p>El galard\u00f3n, que tambi\u00e9n premi\u00f3 iniciativas en la conservaci\u00f3n de ecosistemas y biodiversidad, refuerza el compromiso de las empresas mineras con la sostenibilidad y la responsabilidad social, incentivando a la innovaci\u00f3n en pr\u00e1cticas que generen impacto positivo en las comunidades y el medio ambiente.<\/p>\n\n\n\n<p>Este reconocimiento posiciona a Carbones Andinos y a la Fundaci\u00f3n Coraz\u00f3n Andino como referentes en la miner\u00eda responsable, demostrando que la actividad extractiva puede ser un motor de transformaci\u00f3n social y ambiental.<\/p>\n\n\n\n<figure class=\"wp-block-image size-large\"><img loading=\"lazy\" decoding=\"async\" width=\"1024\" height=\"682\" src=\"https:\/\/carbonesandinos.com\/wp\/wp-content\/uploads\/2024\/01\/576e6bb1-50a8-4104-970c-d728d0b60b2d-1024x682.jpg\" alt=\"\" class=\"wp-image-341\" srcset=\"http:\/\/www.carbonesandinos.com\/wp-content\/uploads\/2024\/01\/576e6bb1-50a8-4104-970c-d728d0b60b2d-1024x682.jpg 1024w, http:\/\/www.carbonesandinos.com\/wp-content\/uploads\/2024\/01\/576e6bb1-50a8-4104-970c-d728d0b60b2d-300x200.jpg 300w, http:\/\/www.carbonesandinos.com\/wp-content\/uploads\/2024\/01\/576e6bb1-50a8-4104-970c-d728d0b60b2d-768x512.jpg 768w, http:\/\/www.carbonesandinos.com\/wp-content\/uploads\/2024\/01\/576e6bb1-50a8-4104-970c-d728d0b60b2d-1536x1023.jpg 1536w, http:\/\/www.carbonesandinos.com\/wp-content\/uploads\/2024\/01\/576e6bb1-50a8-4104-970c-d728d0b60b2d-930x620.jpg 930w, http:\/\/www.carbonesandinos.com\/wp-content\/uploads\/2024\/01\/576e6bb1-50a8-4104-970c-d728d0b60b2d.jpg 1600w\" sizes=\"auto, (max-width: 1024px) 100vw, 1024px\" \/><\/figure>\n","protected":false},"excerpt":{"rendered":"<p>En el marco del MetCoke que destaca las mejores pr\u00e1cticas de sostenibilidad y responsabilidad social en la industria minera, Carbones Andinos y la Fundaci\u00f3n Coraz\u00f3n Andino fueron galardonados por su destacada participaci\u00f3n en la primera edici\u00f3n del Galard\u00f3n Hechos al Carb\u00f3n, organizado por la Federaci\u00f3n Nacional de Productores de Carb\u00f3n, Fenalcarb\u00f3n. El reconocimiento, que busca&hellip;&nbsp;<a href=\"http:\/\/www.carbonesandinos.com\/?p=1\" rel=\"bookmark\">Read More &raquo;<span class=\"screen-reader-text\">Carbones Andinos y Fundaci\u00f3n Coraz\u00f3n Andino, en los Galardones Hechos al Carb\u00f3n<\/span><\/a><\/p>\n","protected":false},"author":1,"featured_media":342,"comment_status":"open","ping_status":"open","sticky":false,"template":"","format":"standard","meta":{"neve_meta_sidebar":"","neve_meta_container":"","neve_meta_enable_content_width":"","neve_meta_content_width":0,"neve_meta_title_alignment":"","neve_meta_author_avatar":"","neve_post_elements_order":"","neve_meta_disable_header":"","neve_meta_disable_footer":"","neve_meta_disable_title":"","footnotes":""},"categories":[2],"tags":[],"class_list":["post-1","post","type-post","status-publish","format-standard","has-post-thumbnail","hentry","category-noticias"],"_links":{"self":[{"href":"http:\/\/www.carbonesandinos.com\/index.php?rest_route=\/wp\/v2\/posts\/1","targetHints":{"allow":["GET"]}}],"collection":[{"href":"http:\/\/www.carbonesandinos.com\/index.php?rest_route=\/wp\/v2\/posts"}],"about":[{"href":"http:\/\/www.carbonesandinos.com\/index.php?rest_route=\/wp\/v2\/types\/post"}],"author":[{"embeddable":true,"href":"http:\/\/www.carbonesandinos.com\/index.php?rest_route=\/wp\/v2\/users\/1"}],"replies":[{"embeddable":true,"href":"http:\/\/www.carbonesandinos.com\/index.php?rest_route=%2Fwp%2Fv2%2Fcomments&post=1"}],"version-history":[{"count":3,"href":"http:\/\/www.carbonesandinos.com\/index.php?rest_route=\/wp\/v2\/posts\/1\/revisions"}],"predecessor-version":[{"id":343,"href":"http:\/\/www.carbonesandinos.com\/index.php?rest_route=\/wp\/v2\/posts\/1\/revisions\/343"}],"wp:featuredmedia":[{"embeddable":true,"href":"http:\/\/www.carbonesandinos.com\/index.php?rest_route=\/wp\/v2\/media\/342"}],"wp:attachment":[{"href":"http:\/\/www.carbonesandinos.com\/index.php?rest_route=%2Fwp%2Fv2%2Fmedia&parent=1"}],"wp:term":[{"taxonomy":"category","embeddable":true,"href":"http:\/\/www.carbonesandinos.com\/index.php?rest_route=%2Fwp%2Fv2%2Fcategories&post=1"},{"taxonomy":"post_tag","embeddable":true,"href":"http:\/\/www.carbonesandinos.com\/index.php?rest_route=%2Fwp%2Fv2%2Ftags&post=1"}],"curies":[{"name":"wp","href":"https:\/\/api.w.org\/{rel}","templated":true}]}}